{"id":52244,"date":"2026-01-28T08:15:00","date_gmt":"2026-01-28T11:15:00","guid":{"rendered":"https:\/\/stolpkin.net\/?p=52244"},"modified":"2026-01-28T07:49:07","modified_gmt":"2026-01-28T10:49:07","slug":"canada-punto-de-inflexion-para-el-norte-global","status":"publish","type":"post","link":"https:\/\/stolpkin.net\/?p=52244","title":{"rendered":"Canad\u00e1, punto de inflexi\u00f3n para el Norte Global"},"content":{"rendered":"\n<p>Por:&nbsp;<strong>Ana Mar\u00eda Aragon\u00e9s<\/strong>&nbsp;<\/p>\n\n\n\n<p>El discurso del primer ministro de Canad\u00e1, Mark Carney, en Davos tuvo una enorme resonancia, recibi\u00f3 elogios entre audiencias occidentales e incluso de pa\u00edses emergentes. En parte porque su mensaje fue interpretado como una cr\u00edtica contra el unilateralismo estadunidense y, dadas las circunstancias, tambi\u00e9n fue especial. Se\u00f1al\u00f3 que \u201cel orden mundial no est\u00e1 en una transici\u00f3n, sino que est\u00e1 roto, y llam\u00f3 a las potencias medias a actuar juntas para construir un nuevo orden que incorpore valores como derechos humanos, desarrollo sostenible y solidaridad\u201d.&nbsp;<\/p>\n\n\n\n<p>Si bien fue un discurso l\u00facido, un buen diagn\u00f3stico por la frustraci\u00f3n con el&nbsp;<em>statu quo<\/em>sobre el declive del orden liberal, tambi\u00e9n hay que destacar que fue formulado desde una posici\u00f3n que claramente no busca una transformaci\u00f3n estructural, sino alianzas entre \u201cpares\u201d con poder relativo. No se trata de una ruptura en abstracto del orden internacional, sino m\u00e1s bien buscar la estabilidad del sistema. Canad\u00e1 invoca un nuevo orden mundial, pero como base de lo que ha funcionado para pa\u00edses del Norte, mecanismos para la acumulaci\u00f3n capitalista, con ventajas para el Norte Global, porque no hubo ning\u00fan indicio que demandara justicia econ\u00f3mica global. Por eso llama a \u201cdefender el orden basado en reglas\u201d, lo que quiere decir defender un orden que mantiene las desigualdades prexistentes.&nbsp;<\/p>\n\n\n\n<p>El llamado a las potencias medias para actuar juntas y construir un nuevo orden que incorpore valores como derechos humanos, desarrollo sostenible y solidaridad, podr\u00eda dar alg\u00fan optimismo de cambios estructurales si en el discurso se hubieran incorporado algunos cuestionamientos: por ejemplo, ante los bombardeos a Venezuela secuestrando al presidente Nicol\u00e1s Maduro y a su esposa Cilia Flores para robar el petr\u00f3leo de esa naci\u00f3n; o si se hubiera sancionado la conducta de Estados Unidos al intentar destruir a Ir\u00e1n a trav\u00e9s de la asfixia financiera y de sanciones leoninas para crear caos y descontentos internos cuyo objetivo era cambiar al r\u00e9gimen; o por lo menos sancionar al gobierno de Estados Unidos por los bombardeos contra lanchas en el Caribe asesinando a sus ocupantes sin tener la m\u00e1s m\u00ednima prueba de que fueran delincuentes; o, si se planteara como una urgencia de vida llevar de inmediato a Israel fuera del concierto mundial aisl\u00e1ndolo y convirti\u00e9ndolo en un Estado paria por el genocidio contra los palestinos; y, por lo tanto, cuestionar la creaci\u00f3n del Consejo de la Paz para Gaza en la que Donald Trump se nombra presidente y decidir\u00e1 qui\u00e9n entra y qui\u00e9n sale, con el prop\u00f3sito de eliminar a una instituci\u00f3n como Naciones Unidas, y adem\u00e1s mantener el colonialismo imperial sobre los palestinos que son los due\u00f1os de la tierra, pero ellos no importan.&nbsp;<\/p>\n\n\n\n<p>Por eso lo que s\u00ed resulta cre\u00edble es que la raz\u00f3n que movi\u00f3 a ese Norte Global en Davos fue Groenlandia; es decir, un posible ataque a uno de los suyos, blancos, por uno de los suyos. Donald Trump daba por hecho que Groenlandia, por las buenas o por las malas, \u201cser\u00e1 dominada por Estados Unidos\u201d, propuesta que fue altamente reforzada en Davos, lo que, sin duda gener\u00f3 un profundo y gran descontento. En este sentido, es imposible no recordar lo que se le recrimin\u00f3 a Alemania en la Segunda Guerra Mundial; es decir, que Hitler cometiera genocidio contra los jud\u00edos, los blancos, y por eso ese pa\u00eds vive una culpa hist\u00f3rica que ahora busca expiar apoyando y siendo c\u00f3mplice del genocidio de Israel contra los palestinos, y sancionando a todo aquel que se le ocurra defender a los palestinos porque ser\u00e1n considerados, incre\u00edble, antisemitas. Recordar que tambi\u00e9n fueron asesinados en las c\u00e1maras de gas miles de gitanos, de homosexuales, de \u00e1rabes, pero de ellos pr\u00e1cticamente no se habla, no son blancos. Y si bien es cierto que el genocidio europeo en la Segunda Guerra Mundial dio lugar a la construcci\u00f3n del r\u00e9gimen contempor\u00e1neo de los derechos humanos, lamentablemente esta normativa parece desaparecer cuando las v\u00edctimas pertenecen a poblaciones racializadas o colonizadas, como ocurre en la actualidad con el pueblo palestino. La universalidad de los derechos humanos, como se\u00f1alan Franz Fanon y Edward Said, coexiste entre unas vidas plenamente dignas de duelo, protecci\u00f3n y reparaci\u00f3n, y por otro lado, aquellas que permanecen en la invisibilidad.<\/p>\n\n\n\n<p>Mark Carney llama a defender \u201cel orden basado en reglas\u201d, lo que quiere decir defender un orden que mantiene las desigualdades porque las normas las deciden las naciones poderosas, a diferencia del llamado derecho internacional que est\u00e1 basado en leyes, que se conocen y se aplican. Por eso Donald Trump ha se\u00f1alado que su l\u00edmite de acci\u00f3n es lo que \u00e9l piensa y qui\u00e9n decide es su moralidad, lo que quiere decir, defender las desigualdades prexistentes, no una garant\u00eda de justicia. El problema central no es que el orden est\u00e9 colapsando, sino que nunca funcion\u00f3 de forma equitativa porque, como han se\u00f1alado los te\u00f3ricos latinoamericanos, \u201cel sistema capitalista produce y reproduce una polarizaci\u00f3n mundial entre centro y periferia\u201d (Villarreal).<\/p>\n\n\n\n<p>Por eso, cuando Mark Carney cita a Tuc\u00eddides, quien advierte: \u201clos fuertes hacen lo que pueden y los d\u00e9biles sufren lo que deben\u201d, no describe una novedad sino la continuidad hist\u00f3rica capitalista.<\/p>\n\n\n\n<p>FUENTE:&nbsp;<a href=\"https:\/\/www.jornada.com.mx\/noticia\/2026\/01\/28\/opinion\/canada-punto-de-inflexion-para-el-norte-global\">https:\/\/www.jornada.com.mx\/noticia\/2026\/01\/28\/opinion\/canada-punto-de-inflexion-para-el-norte-global<\/a><\/p>\n","protected":false},"excerpt":{"rendered":"<p>Si bien fue un discurso l\u00facido, un buen diagn\u00f3stico por la frustraci\u00f3n con el statu quosobre el declive del orden liberal, tambi\u00e9n hay que destacar que fue formulado desde una posici\u00f3n que claramente no busca una transformaci\u00f3n estructural, sino alianzas entre \u201cpares\u201d con poder relativo. No se trata de una ruptura en abstracto del orden internacional, sino m\u00e1s bien buscar la estabilidad del sistema. <\/p>\n","protected":false},"author":43,"featured_media":52245,"comment_status":"open","ping_status":"","sticky":false,"template":"","format":"standard","meta":{"give_campaign_id":0,"footnotes":""},"categories":[9,3,4],"tags":[],"class_list":["post-52244","post","type-post","status-publish","format-standard","has-post-thumbnail","hentry","category-critica","category-internacional","category-pensamiento"],"_links":{"self":[{"href":"https:\/\/stolpkin.net\/index.php?rest_route=\/wp\/v2\/posts\/52244","targetHints":{"allow":["GET"]}}],"collection":[{"href":"https:\/\/stolpkin.net\/index.php?rest_route=\/wp\/v2\/posts"}],"about":[{"href":"https:\/\/stolpkin.net\/index.php?rest_route=\/wp\/v2\/types\/post"}],"author":[{"embeddable":true,"href":"https:\/\/stolpkin.net\/index.php?rest_route=\/wp\/v2\/users\/43"}],"replies":[{"embeddable":true,"href":"https:\/\/stolpkin.net\/index.php?rest_route=%2Fwp%2Fv2%2Fcomments&post=52244"}],"version-history":[{"count":1,"href":"https:\/\/stolpkin.net\/index.php?rest_route=\/wp\/v2\/posts\/52244\/revisions"}],"predecessor-version":[{"id":52246,"href":"https:\/\/stolpkin.net\/index.php?rest_route=\/wp\/v2\/posts\/52244\/revisions\/52246"}],"wp:featuredmedia":[{"embeddable":true,"href":"https:\/\/stolpkin.net\/index.php?rest_route=\/wp\/v2\/media\/52245"}],"wp:attachment":[{"href":"https:\/\/stolpkin.net\/index.php?rest_route=%2Fwp%2Fv2%2Fmedia&parent=52244"}],"wp:term":[{"taxonomy":"category","embeddable":true,"href":"https:\/\/stolpkin.net\/index.php?rest_route=%2Fwp%2Fv2%2Fcategories&post=52244"},{"taxonomy":"post_tag","embeddable":true,"href":"https:\/\/stolpkin.net\/index.php?rest_route=%2Fwp%2Fv2%2Ftags&post=52244"}],"curies":[{"name":"wp","href":"https:\/\/api.w.org\/{rel}","templated":true}]}}