{"id":51867,"date":"2026-01-26T10:00:00","date_gmt":"2026-01-26T13:00:00","guid":{"rendered":"https:\/\/stolpkin.net\/?p=51867"},"modified":"2026-01-25T17:43:51","modified_gmt":"2026-01-25T20:43:51","slug":"europa-momento-de-definiciones","status":"publish","type":"post","link":"https:\/\/stolpkin.net\/?p=51867","title":{"rendered":"Europa: momento de definiciones\u00a0"},"content":{"rendered":"\n<p>Por:&nbsp;<strong>La Jornada<\/strong>&nbsp;<\/p>\n\n\n\n<p>La Estrategia de Defensa Nacional&nbsp;&nbsp;para 2026 difundida el viernes por el Pent\u00e1gono establece como prioridades \u201cla defensa del territorio nacional y la disuasi\u00f3n de China\u201d, mientras las alianzas y los socios deber\u00e1n \u201ctomar la iniciativa frente a amenazas que son menos graves para nosotros, pero m\u00e1s para ellos, con apoyo crucial, pero m\u00e1s limitado, por parte de Estados Unidos\u201d, mensaje que en Europa se lee como una retirada de Washington de la contenci\u00f3n de Rusia, considerada en el documento una amenaza \u201cpersistente pero manejable\u201d.<\/p>\n\n\n\n<p>Despu\u00e9s de cinco a\u00f1os de trumpismo, la sustituci\u00f3n del imperialismo transatl\u00e1ntico por el unilateralismo estadunidense no toma desprevenidos a los gobernantes del viejo continente. De hecho, el jueves 22, la Uni\u00f3n Europea efectu\u00f3 una cumbre de emergencia para replantear su relaci\u00f3n con Estados Unidos y prepararse ante nuevas crisis desatadas por el peculiar entendimiento trumpiano de las relaciones internacionales.<\/p>\n\n\n\n<p>En d\u00edas pasados, tanto el presidente franc\u00e9s, Emmanuel Macron, como el canciller alem\u00e1n, Friedrich Merz, hab\u00edan reconocido la necesidad de articular estrategias de defensa aut\u00f3nomas de Washington, es decir, reconocer que han llegado a su fin casi ocho d\u00e9cadas de gesti\u00f3n conjunta de un \u00e1rea de influencia que se extendi\u00f3 a todo el globo desde la desaparici\u00f3n de la Uni\u00f3n Sovi\u00e9tica. Sin embargo, al mismo tiempo que asumen su soledad geopol\u00edtica, los dirigentes europeos redoblan su obsesi\u00f3n de aniquilar a Rusia como potencia con intereses soberanos. El problema para Europa es que no puede articular una pol\u00edtica independiente de Estados Unidos mientras se mantenga en guerra con Mosc\u00fa, y no puede enfrentarse a Rusia sin el paraguas nuclear y el armamento estadunidense. Bruselas y Londres han de elegir entre dos objetivos inconciliables.<\/p>\n\n\n\n<p>Para comprender c\u00f3mo se lleg\u00f3 a este punto, es preciso remontarse al final de la Segunda Guerra Mundial. En la posguerra, supeditar su defensa y buena parte de su pol\u00edtica exterior a Washington permiti\u00f3 a la Europa capitalista construir robustos Estados de bienestar: mientras Estados Unidos quemaba recursos virtualmente ilimitados en la carrera armament\u00edstica con la Uni\u00f3n Sovi\u00e9tica, las potencias europeas levantaron in\u00e9ditos sistemas educativos, de salud, vivienda y seguridad social, gracias a los cuales la econom\u00eda de mercado tom\u00f3 un rostro humano que disip\u00f3 el atractivo del socialismo y enterr\u00f3, se cre\u00eda que para siempre, la combinaci\u00f3n de desigualdad y odio a la diferencia en que surgieron los fascismos.<\/p>\n\n\n\n<p>Hoy, esa l\u00f3gica no tiene sentido: los Estados de bienestar se han erosionado hasta volverse irreconocibles por el avance gradual pero constante del neoliberalismo, y la delegaci\u00f3n de la defensa ya no representa ning\u00fan ahorro cuando Donald Trump obliga a sus socios a destinar un irracional 5 por ciento del producto interno bruto al gasto militar. En este nuevo contexto, Bruselas encara una disyuntiva: o renuncia a la pol\u00edtica de arrinconar a Rusia o completa la destrucci\u00f3n en curso de los Estados sociales para alimentar la maquinaria b\u00e9lica, sin ninguna certeza de triunfo en el campo de batalla al que se apresta a acudir.<\/p>\n\n\n\n<p>El auge de los discursos y los partidos de ultraderecha en toda Europa anticipa con claridad el resultado de tomar el segundo camino: la hiperconcentraci\u00f3n de la riqueza, la p\u00e9rdida de derechos sociales b\u00e1sicos y la inequidad echan a las mayor\u00edas a los brazos de fascistas (eufem\u00edsticamente llamados \u201cpopulistas de derechas\u201d), cuya t\u00e1ctica consiste en usar a minor\u00edas como chivo expiatorio de los males generados por el capitalismo. En la primera mitad del siglo XX, las fobias occidentales se dirigieron contra los jud\u00edos, mientras ahora lo hacen contra los inmigrantes no blancos y los practicantes del islam, pero la din\u00e1mica es la misma, y la \u00fanica manera de parar la marcha hacia el abismo consiste en restaurar el bienestar de las clases trabajadoras antes de que su justo malestar sea instrumentalizado por pol\u00edticos y empresarios sin escr\u00fapulos.<\/p>\n\n\n\n<p>Los recursos para hacerlo existen y no es ning\u00fan misterio d\u00f3nde encontrarlos: basta con revertir los ruinosos recortes de impuestos a los ultrarricos y gastar con sensatez las fortunas que hoy se desv\u00edan a la guerra y la preparaci\u00f3n para la misma. Esto \u00faltimo exige la coexistencia pac\u00edfica con Mosc\u00fa, para la cual basta con renunciar a la expansi\u00f3n de la OTAN hacia el Este, lo cual, adem\u00e1s, es un compromiso suscrito por Occidente durante la desintegraci\u00f3n de la URSS. En este sentido, es necesario recordar que la invasi\u00f3n a Ucrania naci\u00f3 de la insistencia del ex presidente estadunidense Joe Biden y sus socios europeos en atravesar una l\u00ednea roja expl\u00edcita al sumar a Kiev al pacto antirruso. Si desistiera de ese delirio imperial en el que ya ni siquiera puede contar con el apoyo de Washington, Europa recuperar\u00eda un importante mercado, a su proveedor m\u00e1s fiable y barato de energ\u00eda, y liberar\u00eda el presupuesto tan necesario para blindar a las democracias liberales de la amenaza neofascista.<\/p>\n\n\n\n<p>FUENTE:&nbsp;<a href=\"https:\/\/www.jornada.com.mx\/2026\/01\/25\/opinion\/002a1edi\">https:\/\/www.jornada.com.mx\/2026\/01\/25\/opinion\/002a1edi<\/a><\/p>\n","protected":false},"excerpt":{"rendered":"<p>Despu\u00e9s de cinco a\u00f1os de trumpismo, la sustituci\u00f3n del imperialismo transatl\u00e1ntico por el unilateralismo estadunidense no toma desprevenidos a los gobernantes del viejo continente. De hecho, el jueves 22, la Uni\u00f3n Europea efectu\u00f3 una cumbre de emergencia para replantear su relaci\u00f3n con Estados Unidos y prepararse ante nuevas crisis desatadas por el peculiar entendimiento trumpiano de las relaciones internacionales.<\/p>\n","protected":false},"author":43,"featured_media":1108,"comment_status":"open","ping_status":"","sticky":false,"template":"","format":"standard","meta":{"give_campaign_id":0,"footnotes":""},"categories":[35,3],"tags":[18,12,21,10],"class_list":["post-51867","post","type-post","status-publish","format-standard","has-post-thumbnail","hentry","category-de-interes","category-internacional","tag-donald-trump","tag-ee-uu","tag-europa","tag-otan"],"_links":{"self":[{"href":"https:\/\/stolpkin.net\/index.php?rest_route=\/wp\/v2\/posts\/51867","targetHints":{"allow":["GET"]}}],"collection":[{"href":"https:\/\/stolpkin.net\/index.php?rest_route=\/wp\/v2\/posts"}],"about":[{"href":"https:\/\/stolpkin.net\/index.php?rest_route=\/wp\/v2\/types\/post"}],"author":[{"embeddable":true,"href":"https:\/\/stolpkin.net\/index.php?rest_route=\/wp\/v2\/users\/43"}],"replies":[{"embeddable":true,"href":"https:\/\/stolpkin.net\/index.php?rest_route=%2Fwp%2Fv2%2Fcomments&post=51867"}],"version-history":[{"count":1,"href":"https:\/\/stolpkin.net\/index.php?rest_route=\/wp\/v2\/posts\/51867\/revisions"}],"predecessor-version":[{"id":51868,"href":"https:\/\/stolpkin.net\/index.php?rest_route=\/wp\/v2\/posts\/51867\/revisions\/51868"}],"wp:featuredmedia":[{"embeddable":true,"href":"https:\/\/stolpkin.net\/index.php?rest_route=\/wp\/v2\/media\/1108"}],"wp:attachment":[{"href":"https:\/\/stolpkin.net\/index.php?rest_route=%2Fwp%2Fv2%2Fmedia&parent=51867"}],"wp:term":[{"taxonomy":"category","embeddable":true,"href":"https:\/\/stolpkin.net\/index.php?rest_route=%2Fwp%2Fv2%2Fcategories&post=51867"},{"taxonomy":"post_tag","embeddable":true,"href":"https:\/\/stolpkin.net\/index.php?rest_route=%2Fwp%2Fv2%2Ftags&post=51867"}],"curies":[{"name":"wp","href":"https:\/\/api.w.org\/{rel}","templated":true}]}}