{"id":51737,"date":"2026-01-25T10:00:00","date_gmt":"2026-01-25T13:00:00","guid":{"rendered":"https:\/\/stolpkin.net\/?p=51737"},"modified":"2026-01-24T18:10:33","modified_gmt":"2026-01-24T21:10:33","slug":"trump-groenlandia-y-la-impotencia-de-los-europeos","status":"publish","type":"post","link":"https:\/\/stolpkin.net\/?p=51737","title":{"rendered":"Trump, Groenlandia y la impotencia de los europeos"},"content":{"rendered":"\n<p>Por:&nbsp;<strong>Maciek Wisniewski<\/strong><\/p>\n\n\n\n<p>Aunque pareciera dif\u00edcil de creer, desde que la repentina subida de tono por parte de Donald Trump que, surfeando en la ola de la euforia conquistadora despu\u00e9s de su&nbsp;<em>raid<\/em>&nbsp;a Venezuela, amenaz\u00f3 a invadir militarmente a Groenlandia \u2013la isla m\u00e1s grande del mundo, ubicada estrat\u00e9gicamente en el \u00c1rtico y una naci\u00f3n constituyente aut\u00f3noma dentro del reino de Dinamarca, rica, igual que la mencionada naci\u00f3n caribe\u00f1a, en recursos minerales\u2013, dejando a las \u00e9lites europeas completamente estupefactas y, aparentemente, sin ninguna idea de lo que estaba pasando, la situaci\u00f3n se ha vuelto a\u00fan m\u00e1s surreal.<\/p>\n\n\n\n<p>No s\u00f3lo at\u00f3nitos, los l\u00edderes europeos se vieron de repente forzados a luchar en dos frentes: tratar de mantener desesperadamente a los \u201cmalos\u201d Estados Unidos fuera de Groenlandia y a la vez a seguir tratando de mantener a los \u201cbuenos\u201d Estados Unidos dentro de Ucrania todav\u00eda lo m\u00e1s que se pueda (y, junto a esto, dentro de la OTAN porque, claro, \u201cen tres semanas los tanques rusos van a estar en Par\u00eds\u201d), sino que, juzgando por sus declaraciones en la cumbre de Davos, estaban observando c\u00f3mo el mundo que conoc\u00edan se estaba desvaneciendo&nbsp;<em>live<\/em>.<\/p>\n\n\n\n<p>Toda esta disonancia cognitiva y el p\u00e1nico en las cimas del poder se hubieran podido evitar si las \u00e9lites europeas hubieran prestado un poco m\u00e1s la atenci\u00f3n a la historia y al presente. Si hubieran abandonado \u2212o al menos empezado a cuestionar\u2212 su visi\u00f3n idealizada de Estados Unidos como \u201cuna potencia ben\u00e9vola\u201d y \u201cuna naci\u00f3n que est\u00e1 destinada a salvar a otras naciones\u201d y, en vez de esto, se hubieran fijado en la historia real de su imperialismo, expansionismo y colonialismo. Y si hubieran tomado nota de lo que Trump y el trumpismo dec\u00edan y avisaban que iban a hacer.<\/p>\n\n\n\n<p>La Estrategia de la Seguridad Nacional que la administraci\u00f3n trumpista public\u00f3 en diciembre pasado no s\u00f3lo resucit\u00f3 la vieja Doctrina Monroe \u2212y puso en la mira a Am\u00e9rica Latina\u2212, sino institucionaliz\u00f3 la eurofobia que desde hace tiempo permea en&nbsp;<em>MAGA<\/em>&nbsp;y en los c\u00edrculos conservadores estadunidenses. Europa, en su perspectiva \u2212y la estrategia lo dice expl\u00edcitamente\u2212 es un \u201cenemigo civilizatorio\u201d que, a diferencia de Estados Unidos \u201cque proyecta fuerza\u201d (militar, econ\u00f3mica, etc\u00e9tera), proyecta s\u00f3lo la \u201cdebilidad\u201d y enfrenta el \u201cdeclive\u201d a causa de la \u201cinmigraci\u00f3n abierta y descontrolada\u201d.<\/p>\n\n\n\n<p>Desde luego la dependencia de Europa en Estados Unidos \u2212en lo militar, en lo tecnol\u00f3gico, y \u00faltimamente tambi\u00e9n en lo energ\u00e9tico, con los europeos cambiando, en proporciones parecidas, las compras del gas ruso por el (m\u00e1s caro) gas estadunidense\u2212 es un asunto real y uno al que no parece haber una soluci\u00f3n r\u00e1pida.<\/p>\n\n\n\n<p>Pero su \u201cestrategia\u201d del a\u00f1o pasado que frente a Trump 2.0 consisti\u00f3 s\u00f3lo en actos de sumisi\u00f3n (como cuando los europeos aumentaron de golpe a su petici\u00f3n el gasto militar a 5 por ciento del PIB o se tragaron sin ninguna palabra su desastroso&nbsp;<em>deal<\/em>&nbsp;comercial) y en halagos (como despu\u00e9s del secuestro de Maduro que vitorearon vigorosamente), no s\u00f3lo result\u00f3 ser un fracaso \u2212ya que nada de esto les ayud\u00f3 a que se escucharan sus propuestas en las negociaciones con Putin, ni que se tomaran en cuenta sus protestas ahora\u2212, sino algo totalmente contraproducente. Lo \u00fanico que se logr\u00f3 con esto fue convencer a Trump de que\u2026 ten\u00eda que ver con los l\u00edderes \u201cd\u00e9biles\u201d y \u201csumisos\u201d.<\/p>\n\n\n\n<p>Finalmente, lejos de ser una \u201cexcentricidad\u201d de Trump, lo que no parecen acordarse los europeos, es que el inter\u00e9s imperialista de Estados Unidos por Groenlandia es de vieja data y los estadunidenses ya trataron de adquirir la isla en varias ocasiones: primero en 1868, un a\u00f1o despu\u00e9s de la compra de Alaska a Rusia, y luego en 1910. En 1917, Woodrow Wilson compr\u00f3 \u201cde paso\u201d a Dinamarca su colonia caribe\u00f1a, las Indias Occidentales Danesas, hoy las Islas V\u00edrgenes de Estados Unidos.<\/p>\n\n\n\n<p>Luego, tras ocupar a Groenlandia durante la Segunda Guerra Mundial \u2212despu\u00e9s de que Dinamarca fuese ocupada por los nazis\u2212 Estados Unidos se la devolvi\u00f3 a Copenhague, s\u00f3lo para que, en 1946, Harry Truman, ofreciera otra vez a adquirirla, la oferta que de nuevo fue rechazada (y se hizo p\u00fablica apenas en 1991), pero algo que no les impidi\u00f3 a los estadunidenses a firmar un acuerdo con los daneses y a expandir, en contexto de la&nbsp;<em>guerra fr\u00eda<\/em>, sus bases militares all\u00ed. Finalmente, despu\u00e9s de que por un rato Groenlandia parec\u00eda s\u00f3lo una&nbsp;<em>id\u00e9e fixe&nbsp;<\/em>de los \u201cpaleoconservadores\u201d de la proto-&nbsp;<em>MAGA<\/em>&nbsp;como Patrick Buchanan, el tema regres\u00f3 en 2019 con Trump ofreciendo otra vez comprarla y consumar, por fin, este \u201cgran&nbsp;<em>deal<\/em>inmobiliario\u201d.<\/p>\n\n\n\n<p>Claramente, con Trump estamos no s\u00f3lo ante los modos \u201cdecimon\u00f3nicos\u201d de hacer las cosas, sino unas que bordean con la locura, algo mejor plasmado en su \u201ccarta noruega\u201d \u2212donde \u00e9ste amag\u00f3 que el hecho de no ganar el Premio Nobel de la Paz \u201clo libera de la obligaci\u00f3n de pensar exclusivamente en la paz\u201d y \u201cexplica su inter\u00e9s por Groenlandia\u201d\u2212, o en su amenaza a un grupo de pa\u00edses europeos que acabaron de enviar a un pu\u00f1ado de tropas a la isla a imponerles aranceles de hasta 25 por ciento\u201csi no se la dan\u201d, pero las mismas \u00e9lites europeas parecen bien determinadas a seguirle el paso.<\/p>\n\n\n\n<p>De manera paralela en que en Davos se daba a conocer que Trump en las pl\u00e1ticas con el jefe la OTAN, Mark Rutte \u2212el fallido ex primer ministro holand\u00e9s que le gusta decir&nbsp;<em>Daddy<\/em>(&nbsp;<em>sic<\/em>) y \u201cs\u00ed\u201d a todo al presidente estadunidense\u2212, lleg\u00f3 a un \u201cmarco de un acuerdo\u201d sobre Groenlandia (\u00bfpor encima o con un t\u00e1cito benepl\u00e1cito de los daneses?) que implica la concesi\u00f3n de \u201cbolsas de soberan\u00eda\u201d a Estados Unidos alrededor de sus bases, el canciller alem\u00e1n Friedrich Merz, aseguraba a \u201cser determinado a defender a toda costa la soberan\u00eda groenlandesa\u201d de\u2026 Rusia. Si estos son los \u00faltimos espasmos del \u201cviejo orden\u201d, lo siento, pero hay muy poco que lamentar aqu\u00ed.<\/p>\n\n\n\n<p>FUENTE:&nbsp;<a href=\"https:\/\/www.jornada.com.mx\/2026\/01\/24\/opinion\/013a1pol\">https:\/\/www.jornada.com.mx\/2026\/01\/24\/opinion\/013a1pol<\/a><\/p>\n","protected":false},"excerpt":{"rendered":"<p>La Estrategia de la Seguridad Nacional que la administraci\u00f3n trumpista public\u00f3 en diciembre pasado no s\u00f3lo resucit\u00f3 la vieja Doctrina Monroe \u2212y puso en la mira a Am\u00e9rica Latina\u2212, sino institucionaliz\u00f3 la eurofobia que desde hace tiempo permea en MAGA y en los c\u00edrculos conservadores estadunidenses. <\/p>\n","protected":false},"author":43,"featured_media":51738,"comment_status":"open","ping_status":"","sticky":false,"template":"","format":"standard","meta":{"give_campaign_id":0,"footnotes":""},"categories":[35,3,4],"tags":[18,12,21,19,10],"class_list":["post-51737","post","type-post","status-publish","format-standard","has-post-thumbnail","hentry","category-de-interes","category-internacional","category-pensamiento","tag-donald-trump","tag-ee-uu","tag-europa","tag-occidente","tag-otan"],"_links":{"self":[{"href":"https:\/\/stolpkin.net\/index.php?rest_route=\/wp\/v2\/posts\/51737","targetHints":{"allow":["GET"]}}],"collection":[{"href":"https:\/\/stolpkin.net\/index.php?rest_route=\/wp\/v2\/posts"}],"about":[{"href":"https:\/\/stolpkin.net\/index.php?rest_route=\/wp\/v2\/types\/post"}],"author":[{"embeddable":true,"href":"https:\/\/stolpkin.net\/index.php?rest_route=\/wp\/v2\/users\/43"}],"replies":[{"embeddable":true,"href":"https:\/\/stolpkin.net\/index.php?rest_route=%2Fwp%2Fv2%2Fcomments&post=51737"}],"version-history":[{"count":1,"href":"https:\/\/stolpkin.net\/index.php?rest_route=\/wp\/v2\/posts\/51737\/revisions"}],"predecessor-version":[{"id":51739,"href":"https:\/\/stolpkin.net\/index.php?rest_route=\/wp\/v2\/posts\/51737\/revisions\/51739"}],"wp:featuredmedia":[{"embeddable":true,"href":"https:\/\/stolpkin.net\/index.php?rest_route=\/wp\/v2\/media\/51738"}],"wp:attachment":[{"href":"https:\/\/stolpkin.net\/index.php?rest_route=%2Fwp%2Fv2%2Fmedia&parent=51737"}],"wp:term":[{"taxonomy":"category","embeddable":true,"href":"https:\/\/stolpkin.net\/index.php?rest_route=%2Fwp%2Fv2%2Fcategories&post=51737"},{"taxonomy":"post_tag","embeddable":true,"href":"https:\/\/stolpkin.net\/index.php?rest_route=%2Fwp%2Fv2%2Ftags&post=51737"}],"curies":[{"name":"wp","href":"https:\/\/api.w.org\/{rel}","templated":true}]}}